{"id":1437,"date":"2022-02-05T17:32:38","date_gmt":"2022-02-05T16:32:38","guid":{"rendered":"http:\/\/wersau-ev.de\/?p=1437"},"modified":"2022-02-05T17:32:38","modified_gmt":"2022-02-05T16:32:38","slug":"gottesdienste-im-februar","status":"publish","type":"post","link":"http:\/\/wersau-ev.de\/?p=1437","title":{"rendered":"Gottesdienste im Februar"},"content":{"rendered":"\n<p>Wir haben in den letzten Wochen gemerkt, dass unsere Gemeinde sehr vorsichtig geworden ist, was die Teilnahme an Gottesdiensten in unserer Kirche angeht. Da wir kaum Anmeldungen f\u00fcr unsere Gottesdienste hatten und wir nat\u00fcrlich auch nicht wissen, welche Einschr\u00e4nkungen uns Omikron noch bringen wird, haben wir beschlossen, dass wir im Februar unsere Gottesdienste wieder filmen und digital zur Verf\u00fcgung stellen.  Auch liest Pfarrerin von Nordheim-Diehl gern die Predigt am Telefon vor \u2013 rufen Sie an oder klicken Sie rein! Wir w\u00fcrden uns freuen.<\/p>\n\n\n\n<p>Den Link f\u00fcr den jeweiligen aktuellen Gottesdienst finden Sie unter der Rubrik: 2-Minuten-Andacht <\/p>\n","protected":false},"excerpt":{"rendered":"<p>Wir haben in den letzten Wochen gemerkt, dass unsere Gemeinde sehr vorsichtig geworden ist, was die Teilnahme an Gottesdiensten in unserer Kirche angeht. Da wir kaum Anmeldungen f\u00fcr unsere Gottesdienste hatten und wir nat\u00fcrlich auch nicht wissen, welche Einschr\u00e4nkungen uns Omikron noch bringen wird, haben wir beschlossen, dass wir im Februar unsere Gottesdienste wieder filmen &hellip; <\/p>\n<p class=\"link-more\"><a href=\"http:\/\/wersau-ev.de\/?p=1437\" class=\"more-link\"><span class=\"screen-reader-text\">\u201eGottesdienste im Februar\u201c <\/span>weiterlesen<\/a><\/p>\n","protected":false},"author":1,"featured_media":0,"comment_status":"open","ping_status":"open","sticky":false,"template":"","format":"standard","meta":{"footnotes":""},"categories":[4],"tags":[],"class_list":["post-1437","post","type-post","status-publish","format-standard","hentry","category-aktuelles"],"_links":{"self":[{"href":"http:\/\/wersau-ev.de\/index.php?rest_route=\/wp\/v2\/posts\/1437","targetHints":{"allow":["GET"]}}],"collection":[{"href":"http:\/\/wersau-ev.de\/index.php?rest_route=\/wp\/v2\/posts"}],"about":[{"href":"http:\/\/wersau-ev.de\/index.php?rest_route=\/wp\/v2\/types\/post"}],"author":[{"embeddable":true,"href":"http:\/\/wersau-ev.de\/index.php?rest_route=\/wp\/v2\/users\/1"}],"replies":[{"embeddable":true,"href":"http:\/\/wersau-ev.de\/index.php?rest_route=%2Fwp%2Fv2%2Fcomments&post=1437"}],"version-history":[{"count":1,"href":"http:\/\/wersau-ev.de\/index.php?rest_route=\/wp\/v2\/posts\/1437\/revisions"}],"predecessor-version":[{"id":1438,"href":"http:\/\/wersau-ev.de\/index.php?rest_route=\/wp\/v2\/posts\/1437\/revisions\/1438"}],"wp:attachment":[{"href":"http:\/\/wersau-ev.de\/index.php?rest_route=%2Fwp%2Fv2%2Fmedia&parent=1437"}],"wp:term":[{"taxonomy":"category","embeddable":true,"href":"http:\/\/wersau-ev.de\/index.php?rest_route=%2Fwp%2Fv2%2Fcategories&post=1437"},{"taxonomy":"post_tag","embeddable":true,"href":"http:\/\/wersau-ev.de\/index.php?rest_route=%2Fwp%2Fv2%2Ftags&post=1437"}],"curies":[{"name":"wp","href":"https:\/\/api.w.org\/{rel}","templated":true}]}}