{"id":1445,"date":"2022-02-14T10:33:13","date_gmt":"2022-02-14T09:33:13","guid":{"rendered":"http:\/\/wersau-ev.de\/?p=1445"},"modified":"2022-02-14T10:33:13","modified_gmt":"2022-02-14T09:33:13","slug":"einladung-zum-weltgebetstag-2","status":"publish","type":"post","link":"http:\/\/wersau-ev.de\/?p=1445","title":{"rendered":"Einladung zum Weltgebetstag"},"content":{"rendered":"\n<p>Weltweit blicken Menschen mit Verunsicherung und Angst in die Zukunft. Die Corona-Pandemie versch\u00e4rfte Armut und Ungleichheit. Zugleich ersch\u00fctterte sie das Gef\u00fchl vermeintlicher Sicherheit in den reichen Industriestaaten. Als Christ*innen jedoch glauben wir an die Rettung dieser Welt, nicht an ihren Untergang! Der Bibeltext Jeremia 29,14 des Weltgebetstags 2022 ist ganz klar: \u201eIch werde euer Schicksal zum Guten wenden\u2026\u201c<\/p>\n\n\n\n<p>Am Freitag, dem 4. M\u00e4rz 2022, feiern Menschen in \u00fcber 150 L\u00e4ndern der Erde den Weltgebetstag der Frauen aus England, Wales und Nordirland. Unter dem Motto \u201eZukunftsplan: Hoffnung\u201c laden sie ein, den Spuren der Hoffnung nachzugehen. Sie erz\u00e4hlen uns von ihrem stolzen Land mit seiner bewegten Geschichte und der multiethnischen, -kulturellen und -religi\u00f6sen Gesellschaft.<\/p>\n\n\n\n<p>\u00dcber L\u00e4nder- und Konfessionsgrenzen hinweg engagieren sich Frauen f\u00fcr den Weltgebetstag. Seit \u00fcber 100 Jahren macht die Bewegung sich stark f\u00fcr die Rechte von Frauen und M\u00e4dchen in Kirche und Gesellschaft. Rund um den 4. M\u00e4rz 2022 werden allein in Deutschland hundertausende Frauen, M\u00e4nner, Jugendliche und Kinder die Gottesdienste und Veranstaltungen zum Weltgebetstag besuchen.<\/p>\n\n\n\n<p>Gemeinsam wollen wir Samen der Hoffnung auss\u00e4en in unserem Leben, in unseren Gemeinschaften, in unserem Land und in dieser Welt. Seien Sie mit dabei und werden Sie Teil der weltweiten Gebetskette!<\/p>\n\n\n\n<p>Wir laden deshalb herzlich ein zu einem \u00f6kumenischen Gottesdienst in Brensbach:<\/p>\n\n\n\n<p><strong>am: 4. M\u00e4rz 18:00h<\/strong><\/p>\n\n\n\n<p><strong>in der: Markus-Kirche Brensbach<\/strong><\/p>\n\n\n\n<p>Zutritt mit Corona-Test vor Ort ab 17:15 h m\u00f6glich<\/p>\n\n\n\n<p>Zus\u00e4tzlich <strong>gibt es <\/strong>ab dem <strong>4.3.22<\/strong> eine digitalen Gottesdienst auch aus der Brensbacher Kirche<strong>. Der Link dazu findet sich auf unserer Homepage unter der Rubrik: 2Minuten-Andacht\u201c und unter <\/strong>https:\/\/evangelisch-brensbach.ekhn.de<strong>.<\/strong><\/p>\n","protected":false},"excerpt":{"rendered":"<p>Weltweit blicken Menschen mit Verunsicherung und Angst in die Zukunft. Die Corona-Pandemie versch\u00e4rfte Armut und Ungleichheit. Zugleich ersch\u00fctterte sie das Gef\u00fchl vermeintlicher Sicherheit in den reichen Industriestaaten. Als Christ*innen jedoch glauben wir an die Rettung dieser Welt, nicht an ihren Untergang! Der Bibeltext Jeremia 29,14 des Weltgebetstags 2022 ist ganz klar: \u201eIch werde euer Schicksal &hellip; <\/p>\n<p class=\"link-more\"><a href=\"http:\/\/wersau-ev.de\/?p=1445\" class=\"more-link\"><span class=\"screen-reader-text\">\u201eEinladung zum Weltgebetstag\u201c <\/span>weiterlesen<\/a><\/p>\n","protected":false},"author":1,"featured_media":0,"comment_status":"open","ping_status":"open","sticky":false,"template":"","format":"standard","meta":{"footnotes":""},"categories":[4],"tags":[],"class_list":["post-1445","post","type-post","status-publish","format-standard","hentry","category-aktuelles"],"_links":{"self":[{"href":"http:\/\/wersau-ev.de\/index.php?rest_route=\/wp\/v2\/posts\/1445","targetHints":{"allow":["GET"]}}],"collection":[{"href":"http:\/\/wersau-ev.de\/index.php?rest_route=\/wp\/v2\/posts"}],"about":[{"href":"http:\/\/wersau-ev.de\/index.php?rest_route=\/wp\/v2\/types\/post"}],"author":[{"embeddable":true,"href":"http:\/\/wersau-ev.de\/index.php?rest_route=\/wp\/v2\/users\/1"}],"replies":[{"embeddable":true,"href":"http:\/\/wersau-ev.de\/index.php?rest_route=%2Fwp%2Fv2%2Fcomments&post=1445"}],"version-history":[{"count":1,"href":"http:\/\/wersau-ev.de\/index.php?rest_route=\/wp\/v2\/posts\/1445\/revisions"}],"predecessor-version":[{"id":1446,"href":"http:\/\/wersau-ev.de\/index.php?rest_route=\/wp\/v2\/posts\/1445\/revisions\/1446"}],"wp:attachment":[{"href":"http:\/\/wersau-ev.de\/index.php?rest_route=%2Fwp%2Fv2%2Fmedia&parent=1445"}],"wp:term":[{"taxonomy":"category","embeddable":true,"href":"http:\/\/wersau-ev.de\/index.php?rest_route=%2Fwp%2Fv2%2Fcategories&post=1445"},{"taxonomy":"post_tag","embeddable":true,"href":"http:\/\/wersau-ev.de\/index.php?rest_route=%2Fwp%2Fv2%2Ftags&post=1445"}],"curies":[{"name":"wp","href":"https:\/\/api.w.org\/{rel}","templated":true}]}}