{"id":1452,"date":"2022-02-21T12:02:13","date_gmt":"2022-02-21T11:02:13","guid":{"rendered":"http:\/\/wersau-ev.de\/?p=1452"},"modified":"2022-02-21T12:02:13","modified_gmt":"2022-02-21T11:02:13","slug":"innehalten-in-der-passionszeit","status":"publish","type":"post","link":"http:\/\/wersau-ev.de\/?p=1452","title":{"rendered":"Innehalten in der Passionszeit"},"content":{"rendered":"\n<p>Bald ist es wieder soweit: Die Passionszeit, die Fastenzeit steht vor der T\u00fcr. Und diese wollen wir in unserer Gemeinde dieses Jahr auf verschiedene Arten nutzen und genie\u00dfen:<\/p>\n\n\n\n<p>Jeden <strong>Montag im M\u00e4rz (um 17h in der Kirche<\/strong>) laden wir ein zur \u201ePassionsgeschichte\u201c. Pfarrerin v. Nordheim-Diehl liest in der Kirche die Passionsgeschichte vor (jeden Montag aus einem anderen Evangelium), dazu gibt es musikalische Untermalung.<\/p>\n\n\n\n<p><strong>Freitags <\/strong>gibt es auf unserem YouTube-Kanal einen Impuls zur Passionszeit als kleinen \u201ePassionskalender\u201c.<\/p>\n\n\n\n<p><strong>Sonntags um 10h <\/strong>finden unsere Gottesdienste ab dem 13. M\u00e4rz wieder in der Kirche statt. <\/p>\n\n\n\n<p>Wir freuen uns, wenn Sie kommen \u2013ganz ohne Anmeldung, aber mit FFP2-Maske!<\/p>\n","protected":false},"excerpt":{"rendered":"<p>Bald ist es wieder soweit: Die Passionszeit, die Fastenzeit steht vor der T\u00fcr. Und diese wollen wir in unserer Gemeinde dieses Jahr auf verschiedene Arten nutzen und genie\u00dfen: Jeden Montag im M\u00e4rz (um 17h in der Kirche) laden wir ein zur \u201ePassionsgeschichte\u201c. Pfarrerin v. Nordheim-Diehl liest in der Kirche die Passionsgeschichte vor (jeden Montag aus &hellip; <\/p>\n<p class=\"link-more\"><a href=\"http:\/\/wersau-ev.de\/?p=1452\" class=\"more-link\"><span class=\"screen-reader-text\">\u201eInnehalten in der Passionszeit\u201c <\/span>weiterlesen<\/a><\/p>\n","protected":false},"author":1,"featured_media":0,"comment_status":"open","ping_status":"open","sticky":false,"template":"","format":"standard","meta":{"footnotes":""},"categories":[4],"tags":[],"class_list":["post-1452","post","type-post","status-publish","format-standard","hentry","category-aktuelles"],"_links":{"self":[{"href":"http:\/\/wersau-ev.de\/index.php?rest_route=\/wp\/v2\/posts\/1452","targetHints":{"allow":["GET"]}}],"collection":[{"href":"http:\/\/wersau-ev.de\/index.php?rest_route=\/wp\/v2\/posts"}],"about":[{"href":"http:\/\/wersau-ev.de\/index.php?rest_route=\/wp\/v2\/types\/post"}],"author":[{"embeddable":true,"href":"http:\/\/wersau-ev.de\/index.php?rest_route=\/wp\/v2\/users\/1"}],"replies":[{"embeddable":true,"href":"http:\/\/wersau-ev.de\/index.php?rest_route=%2Fwp%2Fv2%2Fcomments&post=1452"}],"version-history":[{"count":1,"href":"http:\/\/wersau-ev.de\/index.php?rest_route=\/wp\/v2\/posts\/1452\/revisions"}],"predecessor-version":[{"id":1453,"href":"http:\/\/wersau-ev.de\/index.php?rest_route=\/wp\/v2\/posts\/1452\/revisions\/1453"}],"wp:attachment":[{"href":"http:\/\/wersau-ev.de\/index.php?rest_route=%2Fwp%2Fv2%2Fmedia&parent=1452"}],"wp:term":[{"taxonomy":"category","embeddable":true,"href":"http:\/\/wersau-ev.de\/index.php?rest_route=%2Fwp%2Fv2%2Fcategories&post=1452"},{"taxonomy":"post_tag","embeddable":true,"href":"http:\/\/wersau-ev.de\/index.php?rest_route=%2Fwp%2Fv2%2Ftags&post=1452"}],"curies":[{"name":"wp","href":"https:\/\/api.w.org\/{rel}","templated":true}]}}