{"id":1491,"date":"2022-04-29T17:23:57","date_gmt":"2022-04-29T15:23:57","guid":{"rendered":"http:\/\/wersau-ev.de\/?p=1491"},"modified":"2022-04-29T17:23:57","modified_gmt":"2022-04-29T15:23:57","slug":"wir-haben-eine-kleiderkammer","status":"publish","type":"post","link":"http:\/\/wersau-ev.de\/?p=1491","title":{"rendered":"Wir haben eine Kleiderkammer!"},"content":{"rendered":"\n<p>Unsere Kleiderkammer ist nun ge\u00f6ffnet! Wir haben die letzten Wochen genutzt und haben in einem unserer R\u00e4ume eine kleine Kleiderkammer eingerichtet. Sie ist gedacht f\u00fcr alle Menschen, die sich gerade keine neue Kleidung leisten k\u00f6nnen. Sie k\u00f6nnen bei uns ohne einen Ausweis o.\u00c4. vorbeikommen (zu den \u00d6ffnungszeiten), und jede\/r darf sich 8 Kleidungsst\u00fccke heraussuchen und mitnehmen. Es handelt sich mehrheitlich um Kinderkleidung, aber es sind auch St\u00fccke f\u00fcr Jugendliche und Erwachsene (Damen) dabei. Kleider-Spenden haben wir momentan noch ausreichend \u2013 bitte nichts vorbeibringen! Unsere Kleiderkammer hat planm\u00e4\u00dfig dienstags vormittags von 9-11h ge\u00f6ffnet in unserem Gemeindehaus (Jahnstra\u00dfe 12). Wenn Sie zu dieser Zeit nicht k\u00f6nnen, dann vereinbaren Sie gern einen Sonder-Termin im Gemeindeb\u00fcro (sprechen Sie dort am besten auf Band \u2013 wir melden uns: 06161\/527). Start ist am Dienstag nach den Osterferien: 26.4. von 9h-11h! Bitte tragen Sie bei Betreten des Gemeindehauses eine FFP2-Maske.<\/p>\n","protected":false},"excerpt":{"rendered":"<p>Unsere Kleiderkammer ist nun ge\u00f6ffnet! Wir haben die letzten Wochen genutzt und haben in einem unserer R\u00e4ume eine kleine Kleiderkammer eingerichtet. Sie ist gedacht f\u00fcr alle Menschen, die sich gerade keine neue Kleidung leisten k\u00f6nnen. Sie k\u00f6nnen bei uns ohne einen Ausweis o.\u00c4. vorbeikommen (zu den \u00d6ffnungszeiten), und jede\/r darf sich 8 Kleidungsst\u00fccke heraussuchen und &hellip; <\/p>\n<p class=\"link-more\"><a href=\"http:\/\/wersau-ev.de\/?p=1491\" class=\"more-link\"><span class=\"screen-reader-text\">\u201eWir haben eine Kleiderkammer!\u201c <\/span>weiterlesen<\/a><\/p>\n","protected":false},"author":1,"featured_media":0,"comment_status":"open","ping_status":"open","sticky":false,"template":"","format":"standard","meta":{"footnotes":""},"categories":[4],"tags":[],"class_list":["post-1491","post","type-post","status-publish","format-standard","hentry","category-aktuelles"],"_links":{"self":[{"href":"http:\/\/wersau-ev.de\/index.php?rest_route=\/wp\/v2\/posts\/1491","targetHints":{"allow":["GET"]}}],"collection":[{"href":"http:\/\/wersau-ev.de\/index.php?rest_route=\/wp\/v2\/posts"}],"about":[{"href":"http:\/\/wersau-ev.de\/index.php?rest_route=\/wp\/v2\/types\/post"}],"author":[{"embeddable":true,"href":"http:\/\/wersau-ev.de\/index.php?rest_route=\/wp\/v2\/users\/1"}],"replies":[{"embeddable":true,"href":"http:\/\/wersau-ev.de\/index.php?rest_route=%2Fwp%2Fv2%2Fcomments&post=1491"}],"version-history":[{"count":1,"href":"http:\/\/wersau-ev.de\/index.php?rest_route=\/wp\/v2\/posts\/1491\/revisions"}],"predecessor-version":[{"id":1492,"href":"http:\/\/wersau-ev.de\/index.php?rest_route=\/wp\/v2\/posts\/1491\/revisions\/1492"}],"wp:attachment":[{"href":"http:\/\/wersau-ev.de\/index.php?rest_route=%2Fwp%2Fv2%2Fmedia&parent=1491"}],"wp:term":[{"taxonomy":"category","embeddable":true,"href":"http:\/\/wersau-ev.de\/index.php?rest_route=%2Fwp%2Fv2%2Fcategories&post=1491"},{"taxonomy":"post_tag","embeddable":true,"href":"http:\/\/wersau-ev.de\/index.php?rest_route=%2Fwp%2Fv2%2Ftags&post=1491"}],"curies":[{"name":"wp","href":"https:\/\/api.w.org\/{rel}","templated":true}]}}