{"id":1508,"date":"2022-07-06T11:23:43","date_gmt":"2022-07-06T09:23:43","guid":{"rendered":"http:\/\/wersau-ev.de\/?p=1508"},"modified":"2022-07-06T11:23:43","modified_gmt":"2022-07-06T09:23:43","slug":"kleiderbasar-und-flohmarkt","status":"publish","type":"post","link":"http:\/\/wersau-ev.de\/?p=1508","title":{"rendered":"Kleiderbasar und Flohmarkt!"},"content":{"rendered":"\n<p>Wir haben nun viele Kinder- und Frauenkleidung f\u00fcr unsere Kleiderkammer gesammelt und sortiert und w\u00fcrden dazu gern unsere Pforten weit \u00f6ffnen: Wir veranstalten im Juli <strong>(voraussichtlich 30.7. von 10h \u2013 12h)<\/strong> einen Kleiderbasar in unserem Gemeindehausgarten: Kleidung zum einfach Mitnehmen oder auch tauschen oder gegen Spende. Alle sind dazu herzlich eingeladen, die sich momentan keine neue Kleidung kaufen wollen oder k\u00f6nnen. Wir freuen uns, wenn viele unserer Kleidungsst\u00fccke neue Besitzer:innen finden \u2013 das ist zum einen nachhaltig und zum andern im Sinne gelebter christlicher Gemeinschaft. Dazu wird es noch einen kleinen Flohmarkt f\u00fcr Kinderspielzeug geben. Datum und genauere Details dazu werden noch bekannt gegeben.<\/p>\n","protected":false},"excerpt":{"rendered":"<p>Wir haben nun viele Kinder- und Frauenkleidung f\u00fcr unsere Kleiderkammer gesammelt und sortiert und w\u00fcrden dazu gern unsere Pforten weit \u00f6ffnen: Wir veranstalten im Juli (voraussichtlich 30.7. von 10h \u2013 12h) einen Kleiderbasar in unserem Gemeindehausgarten: Kleidung zum einfach Mitnehmen oder auch tauschen oder gegen Spende. Alle sind dazu herzlich eingeladen, die sich momentan keine &hellip; <\/p>\n<p class=\"link-more\"><a href=\"http:\/\/wersau-ev.de\/?p=1508\" class=\"more-link\"><span class=\"screen-reader-text\">\u201eKleiderbasar und Flohmarkt!\u201c <\/span>weiterlesen<\/a><\/p>\n","protected":false},"author":1,"featured_media":0,"comment_status":"open","ping_status":"open","sticky":false,"template":"","format":"standard","meta":{"footnotes":""},"categories":[4],"tags":[],"class_list":["post-1508","post","type-post","status-publish","format-standard","hentry","category-aktuelles"],"_links":{"self":[{"href":"http:\/\/wersau-ev.de\/index.php?rest_route=\/wp\/v2\/posts\/1508","targetHints":{"allow":["GET"]}}],"collection":[{"href":"http:\/\/wersau-ev.de\/index.php?rest_route=\/wp\/v2\/posts"}],"about":[{"href":"http:\/\/wersau-ev.de\/index.php?rest_route=\/wp\/v2\/types\/post"}],"author":[{"embeddable":true,"href":"http:\/\/wersau-ev.de\/index.php?rest_route=\/wp\/v2\/users\/1"}],"replies":[{"embeddable":true,"href":"http:\/\/wersau-ev.de\/index.php?rest_route=%2Fwp%2Fv2%2Fcomments&post=1508"}],"version-history":[{"count":1,"href":"http:\/\/wersau-ev.de\/index.php?rest_route=\/wp\/v2\/posts\/1508\/revisions"}],"predecessor-version":[{"id":1509,"href":"http:\/\/wersau-ev.de\/index.php?rest_route=\/wp\/v2\/posts\/1508\/revisions\/1509"}],"wp:attachment":[{"href":"http:\/\/wersau-ev.de\/index.php?rest_route=%2Fwp%2Fv2%2Fmedia&parent=1508"}],"wp:term":[{"taxonomy":"category","embeddable":true,"href":"http:\/\/wersau-ev.de\/index.php?rest_route=%2Fwp%2Fv2%2Fcategories&post=1508"},{"taxonomy":"post_tag","embeddable":true,"href":"http:\/\/wersau-ev.de\/index.php?rest_route=%2Fwp%2Fv2%2Ftags&post=1508"}],"curies":[{"name":"wp","href":"https:\/\/api.w.org\/{rel}","templated":true}]}}