{"id":1515,"date":"2022-08-10T13:28:00","date_gmt":"2022-08-10T11:28:00","guid":{"rendered":"http:\/\/wersau-ev.de\/?p=1515"},"modified":"2022-08-10T13:28:00","modified_gmt":"2022-08-10T11:28:00","slug":"urlaub","status":"publish","type":"post","link":"http:\/\/wersau-ev.de\/?p=1515","title":{"rendered":"Urlaub"},"content":{"rendered":"\n<p>Pfarrerin Miriam von Nordheim-Diehl ist vom 14.8. (nach dem Gottesdienst) bis einschlie\u00dflich zum 3.9. im Urlaub. Die Vertretung in dringenden F\u00e4llen hat Pfarrer Joachim K\u00fchnle aus Georgenhausen \/ Zeilhard, Te.: 06162\/1864.<\/p>\n","protected":false},"excerpt":{"rendered":"<p>Pfarrerin Miriam von Nordheim-Diehl ist vom 14.8. (nach dem Gottesdienst) bis einschlie\u00dflich zum 3.9. im Urlaub. Die Vertretung in dringenden F\u00e4llen hat Pfarrer Joachim K\u00fchnle aus Georgenhausen \/ Zeilhard, Te.: 06162\/1864.<\/p>\n","protected":false},"author":1,"featured_media":0,"comment_status":"open","ping_status":"open","sticky":false,"template":"","format":"standard","meta":{"footnotes":""},"categories":[4],"tags":[],"class_list":["post-1515","post","type-post","status-publish","format-standard","hentry","category-aktuelles"],"_links":{"self":[{"href":"http:\/\/wersau-ev.de\/index.php?rest_route=\/wp\/v2\/posts\/1515","targetHints":{"allow":["GET"]}}],"collection":[{"href":"http:\/\/wersau-ev.de\/index.php?rest_route=\/wp\/v2\/posts"}],"about":[{"href":"http:\/\/wersau-ev.de\/index.php?rest_route=\/wp\/v2\/types\/post"}],"author":[{"embeddable":true,"href":"http:\/\/wersau-ev.de\/index.php?rest_route=\/wp\/v2\/users\/1"}],"replies":[{"embeddable":true,"href":"http:\/\/wersau-ev.de\/index.php?rest_route=%2Fwp%2Fv2%2Fcomments&post=1515"}],"version-history":[{"count":1,"href":"http:\/\/wersau-ev.de\/index.php?rest_route=\/wp\/v2\/posts\/1515\/revisions"}],"predecessor-version":[{"id":1516,"href":"http:\/\/wersau-ev.de\/index.php?rest_route=\/wp\/v2\/posts\/1515\/revisions\/1516"}],"wp:attachment":[{"href":"http:\/\/wersau-ev.de\/index.php?rest_route=%2Fwp%2Fv2%2Fmedia&parent=1515"}],"wp:term":[{"taxonomy":"category","embeddable":true,"href":"http:\/\/wersau-ev.de\/index.php?rest_route=%2Fwp%2Fv2%2Fcategories&post=1515"},{"taxonomy":"post_tag","embeddable":true,"href":"http:\/\/wersau-ev.de\/index.php?rest_route=%2Fwp%2Fv2%2Ftags&post=1515"}],"curies":[{"name":"wp","href":"https:\/\/api.w.org\/{rel}","templated":true}]}}