{"id":1551,"date":"2023-01-16T10:42:00","date_gmt":"2023-01-16T09:42:00","guid":{"rendered":"http:\/\/wersau-ev.de\/?p=1551"},"modified":"2023-01-16T10:42:00","modified_gmt":"2023-01-16T09:42:00","slug":"fruehjahrssammlung-der-diakonie","status":"publish","type":"post","link":"http:\/\/wersau-ev.de\/?p=1551","title":{"rendered":"<strong>Fr\u00fchjahrssammlung der Diakonie<br><br><\/strong>"},"content":{"rendered":"\n<p>Sehr geehrte Damen und Herren,<\/p>\n\n\n\n<p>liebe Freundinnen und Freunde der Diakonie,<\/p>\n\n\n\n<p>Zukunft ist Menschenrecht! Doch nicht f\u00fcr jede oder jeden von uns, ist dieses Recht so einfach umsetzbar. Viele haben einen bangen Blick in die Zukunft:<\/p>\n\n\n\n<p>Wie soll ich bei den steigenden Preisen die n\u00e4chste Tankf\u00fcllung bezahlen? Wie erkl\u00e4re ich meinen Kindern, dass ihr Lieblingsm\u00fcsli zu teuer ist?<\/p>\n\n\n\n<p>Nach zwei Jahren der Pandemie hatten wir gehofft, dass die Zukunft leichter wird, ein wenig Normalit\u00e4t zur\u00fcckkehrt. Doch der Ukraine-Krieg mitten in Europa, steigende Lebens\u00admittel\u00adpreise und Energiekosten bringen selbst die an ihre Grenzen, die bisher gut \u00fcber die Runden kamen.<\/p>\n\n\n\n<p>Zukunft ist Menschenrecht! Im Rahmen unserer vielf\u00e4ltigen Aktivit\u00e4ten und Angebote des Diakonischen Werkes Darmstadt-Dieburg suchen wir gemeinsam mit Ratsuchenden nach L\u00f6sungen zu den unterschiedlichsten Fragestellungen. Wir unterst\u00fctzen, begleiten, beraten und informieren mit unseren Mitarbeitenden gerade in Not geratene Menschen. Wieder hoffnungsvoller und gest\u00e4rkt auf Krisen und das Leben zu blicken, L\u00f6sungswege zu erkennen und zu bahnen, das Leben (wieder) mutig in die Hand zu nehmen und einen positiveren Blick auf die Zukunft zu gestalten, daf\u00fcr st<a><\/a>ehen und arbeiten wir.<\/p>\n\n\n\n<p>Da f\u00fcr wichtige Bereiche und besondere Projekte, keine staatlichen oder kirchlichen Ressourcen bereitgestellt werden, ist die Diakonie auf Spenden angewiesen. Deshalb bitten wir Sie: Beteiligen Sie sich an der diesj\u00e4hrigen Fr\u00fchjahrssammlung. Ihr Regionales Diakonisches Werk arbeitet hier verzahnt mit den Kirchengemeinden zusammen.<\/p>\n\n\n\n<p>Lassen Sie uns gemeinsam den Menschen in unserer Region helfen. Mit Ihrer Spende unterst\u00fctzen Sie all diejenigen, die etwas banger in die Zukunft blicken<\/p>\n\n\n\n<p>Danke f\u00fcr Ihr Vertrauen und Ihre Verbundenheit.<\/p>\n\n\n\n<p>Herzliche Gr\u00fc\u00dfe<\/p>\n\n\n\n<p>Edda Haack<\/p>\n\n\n\n<p>Leiterin des Diakonisches Werkes Darmstadt-Dieburg<\/p>\n\n\n\n<p>Spendenkonto: Diakonisches Werk Darmstadt-Dieburg<\/p>\n\n\n\n<p>DE17 5085 0150 0000 5747 59<\/p>\n\n\n\n<p>Sparkasse Darmstadt<\/p>\n\n\n\n<p>Verwendungszweck: Diakonie Fr\u00fchjahrssammlung 2023<\/p>\n","protected":false},"excerpt":{"rendered":"<p>Sehr geehrte Damen und Herren, liebe Freundinnen und Freunde der Diakonie, Zukunft ist Menschenrecht! Doch nicht f\u00fcr jede oder jeden von uns, ist dieses Recht so einfach umsetzbar. Viele haben einen bangen Blick in die Zukunft: Wie soll ich bei den steigenden Preisen die n\u00e4chste Tankf\u00fcllung bezahlen? Wie erkl\u00e4re ich meinen Kindern, dass ihr Lieblingsm\u00fcsli &hellip; <\/p>\n<p class=\"link-more\"><a href=\"http:\/\/wersau-ev.de\/?p=1551\" class=\"more-link\"><span class=\"screen-reader-text\">\u201e<strong>Fr\u00fchjahrssammlung der Diakonie<\/p>\n<p><\/strong>\u201c <\/span>weiterlesen<\/a><\/p>\n","protected":false},"author":1,"featured_media":0,"comment_status":"open","ping_status":"open","sticky":false,"template":"","format":"standard","meta":{"footnotes":""},"categories":[1],"tags":[],"class_list":["post-1551","post","type-post","status-publish","format-standard","hentry","category-uncategorized"],"_links":{"self":[{"href":"http:\/\/wersau-ev.de\/index.php?rest_route=\/wp\/v2\/posts\/1551","targetHints":{"allow":["GET"]}}],"collection":[{"href":"http:\/\/wersau-ev.de\/index.php?rest_route=\/wp\/v2\/posts"}],"about":[{"href":"http:\/\/wersau-ev.de\/index.php?rest_route=\/wp\/v2\/types\/post"}],"author":[{"embeddable":true,"href":"http:\/\/wersau-ev.de\/index.php?rest_route=\/wp\/v2\/users\/1"}],"replies":[{"embeddable":true,"href":"http:\/\/wersau-ev.de\/index.php?rest_route=%2Fwp%2Fv2%2Fcomments&post=1551"}],"version-history":[{"count":1,"href":"http:\/\/wersau-ev.de\/index.php?rest_route=\/wp\/v2\/posts\/1551\/revisions"}],"predecessor-version":[{"id":1552,"href":"http:\/\/wersau-ev.de\/index.php?rest_route=\/wp\/v2\/posts\/1551\/revisions\/1552"}],"wp:attachment":[{"href":"http:\/\/wersau-ev.de\/index.php?rest_route=%2Fwp%2Fv2%2Fmedia&parent=1551"}],"wp:term":[{"taxonomy":"category","embeddable":true,"href":"http:\/\/wersau-ev.de\/index.php?rest_route=%2Fwp%2Fv2%2Fcategories&post=1551"},{"taxonomy":"post_tag","embeddable":true,"href":"http:\/\/wersau-ev.de\/index.php?rest_route=%2Fwp%2Fv2%2Ftags&post=1551"}],"curies":[{"name":"wp","href":"https:\/\/api.w.org\/{rel}","templated":true}]}}