{"id":1563,"date":"2023-03-03T10:29:02","date_gmt":"2023-03-03T09:29:02","guid":{"rendered":"http:\/\/wersau-ev.de\/?p=1563"},"modified":"2023-03-03T10:29:02","modified_gmt":"2023-03-03T09:29:02","slug":"aufgetan-eine-einladung-zur-erlebnistour-durch-das-dekanat-am-12-mai","status":"publish","type":"post","link":"http:\/\/wersau-ev.de\/?p=1563","title":{"rendered":"Aufgetan! Eine Einladung zur Erlebnistour durch das Dekanat am 12. Mai"},"content":{"rendered":"\n<p>Ihre T\u00fcrme sieht man oft schon von weitem, viele sind seit Jahrhunderten da und stehen unter Denkmalschutz, andere wurden erst nach dem Krieg gebaut. Die Rede ist von Kirchen. Sie stiften Identit\u00e4t und vermitteln Heimat, sie haben eine Geschichte und erz\u00e4hlen Geschichten. Diese will das Evangelische Dekanat Vorderer Odenwald mit einer ersten au\u00dfer-gew\u00f6hnlichen Tour am Freitag, 12. Mai, zu ausgew\u00e4hlten Kirchen auftun. Weitere Fahrten f\u00fcr die kommenden Jahre sind in Planung.<br>Es geht zu den evangelischen Kirchen in <strong>Lengfeld, Hassenroth, Wersau, Ueberau und Hering.<\/strong><br>An jedem der Orte gibt es einen \u201eetwas anderen\u201c Blick auf die Kirche, geht es darum, Sch\u00e4tze zu entdecken und Besonderes zu erleben. In Lengfeld besteht die M\u00f6glichkeit, den Kirchturm zu besteigen und von dort einen weiten Blick in das H\u00fcgelland zu werfen. In Hassenroth geht es um moderne Kirchenarchitektur, hier wird die SichtBar, das mobile Jugendprojekt der Evangelischen Jugend im Dekanat, die Teilnehmenden kulinarisch verw\u00f6hnen und Denkanst\u00f6\u00dfe geben. In <strong>Wersau <\/strong>steht der Turm<br>nicht auf der Kirche, sondern nebendran, was eine Mundartdichterin in Kost\u00fcm begr\u00fcnden wird. Die Ueberauer Kirche hat sich auch als Kulturkirche einen Namen gemacht, hier wird es musikalische Leckerbissen und Historisches geben. Und zum Abschluss geht es nach Hering, um die besondere Atmosph\u00e4re dieser Licht\u2010 und Medienkirche einzutauchen und einen Abschlusssegen zu bekommen.<br>Die Tour kn\u00fcpft au\u00dferdem an das Dekanatsbuch \u201eAufgetan \u2013 Ein Streifzug durch die Kirchen des Evangelischen Dekanats Vorderer Odenwald\u201c an, das 2016 erschienen ist. <br>Die f\u00fcnf Kirchen werden mit einem Bus angefahren. Start\u2010 und Endpunkt ist am Busparkplatz am Darmst\u00e4dter Schloss in Gro\u00df\u2010Umstadt. <strong>Die Tour beginnt um 18 Uhr und endet um 22.30 Uhr. Die Teilnahme kostet 20 Euro. Anmeldeschluss ist der 24. April.<\/strong> Anmeldungen und Informationen bei Silke Rummel, Referentin f\u00fcr Presse\u2010 und \u00d6ffentlichkeitsarbeit im Evangelischen Dekanat Vorderer Odenwald, <strong>E\u2010Mail:<br>silke.rummel@ekhn.de, Telefon: 06078\/78259\u201017 oder 0171\/1435891.<\/strong><\/p>\n\n\n\n<p><\/p>\n","protected":false},"excerpt":{"rendered":"<p>Ihre T\u00fcrme sieht man oft schon von weitem, viele sind seit Jahrhunderten da und stehen unter Denkmalschutz, andere wurden erst nach dem Krieg gebaut. Die Rede ist von Kirchen. Sie stiften Identit\u00e4t und vermitteln Heimat, sie haben eine Geschichte und erz\u00e4hlen Geschichten. Diese will das Evangelische Dekanat Vorderer Odenwald mit einer ersten au\u00dfer-gew\u00f6hnlichen Tour am &hellip; <\/p>\n<p class=\"link-more\"><a href=\"http:\/\/wersau-ev.de\/?p=1563\" class=\"more-link\"><span class=\"screen-reader-text\">\u201eAufgetan! Eine Einladung zur Erlebnistour durch das Dekanat am 12. Mai\u201c <\/span>weiterlesen<\/a><\/p>\n","protected":false},"author":1,"featured_media":0,"comment_status":"open","ping_status":"open","sticky":false,"template":"","format":"standard","meta":{"footnotes":""},"categories":[4],"tags":[],"class_list":["post-1563","post","type-post","status-publish","format-standard","hentry","category-aktuelles"],"_links":{"self":[{"href":"http:\/\/wersau-ev.de\/index.php?rest_route=\/wp\/v2\/posts\/1563","targetHints":{"allow":["GET"]}}],"collection":[{"href":"http:\/\/wersau-ev.de\/index.php?rest_route=\/wp\/v2\/posts"}],"about":[{"href":"http:\/\/wersau-ev.de\/index.php?rest_route=\/wp\/v2\/types\/post"}],"author":[{"embeddable":true,"href":"http:\/\/wersau-ev.de\/index.php?rest_route=\/wp\/v2\/users\/1"}],"replies":[{"embeddable":true,"href":"http:\/\/wersau-ev.de\/index.php?rest_route=%2Fwp%2Fv2%2Fcomments&post=1563"}],"version-history":[{"count":1,"href":"http:\/\/wersau-ev.de\/index.php?rest_route=\/wp\/v2\/posts\/1563\/revisions"}],"predecessor-version":[{"id":1564,"href":"http:\/\/wersau-ev.de\/index.php?rest_route=\/wp\/v2\/posts\/1563\/revisions\/1564"}],"wp:attachment":[{"href":"http:\/\/wersau-ev.de\/index.php?rest_route=%2Fwp%2Fv2%2Fmedia&parent=1563"}],"wp:term":[{"taxonomy":"category","embeddable":true,"href":"http:\/\/wersau-ev.de\/index.php?rest_route=%2Fwp%2Fv2%2Fcategories&post=1563"},{"taxonomy":"post_tag","embeddable":true,"href":"http:\/\/wersau-ev.de\/index.php?rest_route=%2Fwp%2Fv2%2Ftags&post=1563"}],"curies":[{"name":"wp","href":"https:\/\/api.w.org\/{rel}","templated":true}]}}