{"id":1571,"date":"2023-04-17T15:06:18","date_gmt":"2023-04-17T13:06:18","guid":{"rendered":"http:\/\/wersau-ev.de\/?p=1571"},"modified":"2023-04-17T15:06:18","modified_gmt":"2023-04-17T13:06:18","slug":"chorprojekt-dekanat-vorderer-odenwald","status":"publish","type":"post","link":"http:\/\/wersau-ev.de\/?p=1571","title":{"rendered":"Chorprojekt Dekanat Vorderer Odenwald"},"content":{"rendered":"\n<p>Im Sommerhalbjahr bietet das Dekanat Vorderer Odenwald unter der Leitung von Dekanatskantorin Eva Wolf ein Chorprojekt an mit 11 Proben an Samstag Vormittagen und Freitag Abenden, \u00fcberwiegend in Gro\u00df-Umstadt. Auf dem Programm stehen die doppelch\u00f6rige Motette \u201eF\u00fcrchte dich nicht\u201c von J. S. Bach (bei gen\u00fcgend Anmeldungen, sonst Bach-Kantate) und Werke von Mendelssohn und H\u00e4ndel. Eingeladen sind nat\u00fcrlich auch S\u00e4ngerInnen aus anderen Dekanaten. Die Proben finden statt am: 06.05. \/ 12.05. \/ 27.05. \/ 16.06. \/ 24.06. \/ 01.07. \/ 15.07. \/ 09.09. \/ 23.09. \/ 07.10. \/ 14.10.\u00a0\u00a0\u00a0\u00a0\u00a0\u00a0\u00a0\u00a0\u00a0\u00a0\u00a0\u00a0\u00a0\u00a0\u00a0\u00a0\u00a0\u00a0\u00a0\u00a0\u00a0\u00a0\u00a0\u00a0\u00a0\u00a0\u00a0\u00a0 <\/p>\n\n\n\n<p>Die Auff\u00fchrung ist am 15.10.2023 um 17 Uhr in der Stadtkirche Gro\u00df-Umstadt. Anmeldungen mit Angabe der Stimmlage per Mail bis 01. Mai\u00a0 an: wolf.odw@freenet.de<\/p>\n","protected":false},"excerpt":{"rendered":"<p>Im Sommerhalbjahr bietet das Dekanat Vorderer Odenwald unter der Leitung von Dekanatskantorin Eva Wolf ein Chorprojekt an mit 11 Proben an Samstag Vormittagen und Freitag Abenden, \u00fcberwiegend in Gro\u00df-Umstadt. Auf dem Programm stehen die doppelch\u00f6rige Motette \u201eF\u00fcrchte dich nicht\u201c von J. S. Bach (bei gen\u00fcgend Anmeldungen, sonst Bach-Kantate) und Werke von Mendelssohn und H\u00e4ndel. Eingeladen &hellip; <\/p>\n<p class=\"link-more\"><a href=\"http:\/\/wersau-ev.de\/?p=1571\" class=\"more-link\"><span class=\"screen-reader-text\">\u201eChorprojekt Dekanat Vorderer Odenwald\u201c <\/span>weiterlesen<\/a><\/p>\n","protected":false},"author":1,"featured_media":0,"comment_status":"open","ping_status":"open","sticky":false,"template":"","format":"standard","meta":{"footnotes":""},"categories":[4],"tags":[],"class_list":["post-1571","post","type-post","status-publish","format-standard","hentry","category-aktuelles"],"_links":{"self":[{"href":"http:\/\/wersau-ev.de\/index.php?rest_route=\/wp\/v2\/posts\/1571","targetHints":{"allow":["GET"]}}],"collection":[{"href":"http:\/\/wersau-ev.de\/index.php?rest_route=\/wp\/v2\/posts"}],"about":[{"href":"http:\/\/wersau-ev.de\/index.php?rest_route=\/wp\/v2\/types\/post"}],"author":[{"embeddable":true,"href":"http:\/\/wersau-ev.de\/index.php?rest_route=\/wp\/v2\/users\/1"}],"replies":[{"embeddable":true,"href":"http:\/\/wersau-ev.de\/index.php?rest_route=%2Fwp%2Fv2%2Fcomments&post=1571"}],"version-history":[{"count":1,"href":"http:\/\/wersau-ev.de\/index.php?rest_route=\/wp\/v2\/posts\/1571\/revisions"}],"predecessor-version":[{"id":1572,"href":"http:\/\/wersau-ev.de\/index.php?rest_route=\/wp\/v2\/posts\/1571\/revisions\/1572"}],"wp:attachment":[{"href":"http:\/\/wersau-ev.de\/index.php?rest_route=%2Fwp%2Fv2%2Fmedia&parent=1571"}],"wp:term":[{"taxonomy":"category","embeddable":true,"href":"http:\/\/wersau-ev.de\/index.php?rest_route=%2Fwp%2Fv2%2Fcategories&post=1571"},{"taxonomy":"post_tag","embeddable":true,"href":"http:\/\/wersau-ev.de\/index.php?rest_route=%2Fwp%2Fv2%2Ftags&post=1571"}],"curies":[{"name":"wp","href":"https:\/\/api.w.org\/{rel}","templated":true}]}}