{"id":1583,"date":"2023-06-02T12:00:21","date_gmt":"2023-06-02T10:00:21","guid":{"rendered":"http:\/\/wersau-ev.de\/?p=1583"},"modified":"2023-06-04T16:58:26","modified_gmt":"2023-06-04T14:58:26","slug":"ich-bin-im-studienurlaub","status":"publish","type":"post","link":"http:\/\/wersau-ev.de\/?p=1583","title":{"rendered":"Ich bin im Studienurlaub!"},"content":{"rendered":"\n<p>Vom 5. Juni bis zum 2. September ergreife ich die M\u00f6glichkeit, drei Monate Studienzeit zu nehmen. In dieser Zeit bin ich nicht im Pfarrdienst t\u00e4tig. Die Vertretungsregelungen f\u00fcr dringende F\u00e4lle erfahren Sie \u00fcber die Brensbacher Nachrichten, \u00fcber die Homepage und \u00fcber den Anrufbeantworter im Gemeindeb\u00fcro. Die Besuche zu Geburtstagen und Hochzeitsjubil\u00e4en \u00fcbernehmen Mitarbeiterinnen und Mitarbeiter unserer Kirchengemeinde \u2013 meinen ganz herzlichen Dank daf\u00fcr! Und auch sonst geht alles nat\u00fcrlich weiter, nichts muss deswegen ausfallen! Die Studienzeit dient dazu, die bisherige Praxis zu reflektieren, eigenes Wissen zu vertiefen und Anregungen f\u00fcr die k\u00fcnftige Arbeit zu gewinnen. Ich freue ich, dann mit neuen Anregungen im September wieder meinen Dienst in Wersau und Beerfurth wieder aufzunehmen. Bis dahin verbleibe ich mit herzlichen Gr\u00fc\u00dfen, Ihre Pfarrerin Miriam von Nordheim-Diehl<\/p>\n\n\n\n<p>Die Vertretung in dringenden F\u00e4llen hat in der Woche vom 5.6. \u2013 11.6. Pfarrer Christoph Lubotta aus Rohrbach, Tel.: 06154\/576425 und vom 12.6. \u2013 18.6. Pfarrerin Yvonne Blanco Wi\u00dfmann aus Reinheim, Tel.: 06162\/4447. Danach ist es wie folgt geregelt:<\/p>\n\n\n\n<figure class=\"wp-block-table\"><table><tbody><tr><td>19.6. \u2013 2.7.<\/td><td>Matthias Kraft, (06161\/449)<\/td><\/tr><tr><td>3.7. \u2013 21.7.<\/td><td>Marlies Eckert-Ziem (die Telefonnnummer steht in den Brensbacher Nachrichten oder ist auf unserem Anrufbeantworter im B\u00fcro zu h\u00f6ren)<\/td><\/tr><tr><td>22.7. \u2013 11.8.<\/td><td>Joachim K\u00fchnle (06162\/1864)<\/td><\/tr><tr><td>12.8. \u2013 2.9.<\/td><td>Ruth Vetter (die Telefonnnummer steht in den Brensbacher Nachrichten oder ist auf unserem Anrufbeantworter im B\u00fcro zu h\u00f6ren)<\/td><\/tr><\/tbody><\/table><\/figure>\n","protected":false},"excerpt":{"rendered":"<p>Vom 5. Juni bis zum 2. September ergreife ich die M\u00f6glichkeit, drei Monate Studienzeit zu nehmen. In dieser Zeit bin ich nicht im Pfarrdienst t\u00e4tig. Die Vertretungsregelungen f\u00fcr dringende F\u00e4lle erfahren Sie \u00fcber die Brensbacher Nachrichten, \u00fcber die Homepage und \u00fcber den Anrufbeantworter im Gemeindeb\u00fcro. Die Besuche zu Geburtstagen und Hochzeitsjubil\u00e4en \u00fcbernehmen Mitarbeiterinnen und Mitarbeiter &hellip; <\/p>\n<p class=\"link-more\"><a href=\"http:\/\/wersau-ev.de\/?p=1583\" class=\"more-link\"><span class=\"screen-reader-text\">\u201eIch bin im Studienurlaub!\u201c <\/span>weiterlesen<\/a><\/p>\n","protected":false},"author":1,"featured_media":0,"comment_status":"open","ping_status":"open","sticky":false,"template":"","format":"standard","meta":{"footnotes":""},"categories":[4],"tags":[],"class_list":["post-1583","post","type-post","status-publish","format-standard","hentry","category-aktuelles"],"_links":{"self":[{"href":"http:\/\/wersau-ev.de\/index.php?rest_route=\/wp\/v2\/posts\/1583","targetHints":{"allow":["GET"]}}],"collection":[{"href":"http:\/\/wersau-ev.de\/index.php?rest_route=\/wp\/v2\/posts"}],"about":[{"href":"http:\/\/wersau-ev.de\/index.php?rest_route=\/wp\/v2\/types\/post"}],"author":[{"embeddable":true,"href":"http:\/\/wersau-ev.de\/index.php?rest_route=\/wp\/v2\/users\/1"}],"replies":[{"embeddable":true,"href":"http:\/\/wersau-ev.de\/index.php?rest_route=%2Fwp%2Fv2%2Fcomments&post=1583"}],"version-history":[{"count":3,"href":"http:\/\/wersau-ev.de\/index.php?rest_route=\/wp\/v2\/posts\/1583\/revisions"}],"predecessor-version":[{"id":1586,"href":"http:\/\/wersau-ev.de\/index.php?rest_route=\/wp\/v2\/posts\/1583\/revisions\/1586"}],"wp:attachment":[{"href":"http:\/\/wersau-ev.de\/index.php?rest_route=%2Fwp%2Fv2%2Fmedia&parent=1583"}],"wp:term":[{"taxonomy":"category","embeddable":true,"href":"http:\/\/wersau-ev.de\/index.php?rest_route=%2Fwp%2Fv2%2Fcategories&post=1583"},{"taxonomy":"post_tag","embeddable":true,"href":"http:\/\/wersau-ev.de\/index.php?rest_route=%2Fwp%2Fv2%2Ftags&post=1583"}],"curies":[{"name":"wp","href":"https:\/\/api.w.org\/{rel}","templated":true}]}}