{"id":1596,"date":"2023-09-22T09:18:16","date_gmt":"2023-09-22T07:18:16","guid":{"rendered":"http:\/\/wersau-ev.de\/?p=1596"},"modified":"2023-09-22T09:18:16","modified_gmt":"2023-09-22T07:18:16","slug":"wir-feiern-gemeindefest","status":"publish","type":"post","link":"http:\/\/wersau-ev.de\/?p=1596","title":{"rendered":"Wir feiern Gemeindefest!"},"content":{"rendered":"\n<p>Am 1. Oktober, dem Erntedanktag, wollen wir seit langer Zeit wieder gemeinsam feiern!<\/p>\n\n\n\n<p>Wir beginnen um 10 Uhr mit einem Gottesdienst in der Kirche mit unserem Kirchenchor. Im Anschluss an den Gottesdienst verkaufen die Konfis ihre selbstgebackenen Brote (von und mit der B\u00e4ckerei Friedrich), und wir halten in der Kirche eine Gemeindeversammlung ab, um \u00fcber alle Neuigkeiten, vor allem die anstehenden Reformen, zu informieren.<\/p>\n\n\n\n<p>Ab 12 Uhr gibt es dann in unserem Gemeindehaus einen Brunch \u2013 das S\u00e4lchen ist den ganzen Tag \u00fcber ge\u00f6ffnet als \u201eBabbelstubb\u201c f\u00fcr gem\u00fctliche Gespr\u00e4che, dort steht auch ein B\u00fcchertisch zum St\u00f6bern. Essen, Trinken, B\u00fccher = alles gegen Spende.<\/p>\n\n\n\n<p>Von 12.30 Uhr \u2013 bis ca. 14 Uhr gibt es im Gemeindehausgarten Kinderspiele mit anschlie\u00dfender Gewinner-Tombola. Ab 14 Uhr sind unsere zwei Escape-Rooms bespielbar (f\u00fcr Jugendliche und Erwachsene). Der Ausklang wird gegen 16 Uhr sein. Herzliche Einladung \u2013 wir freuen uns auf Sie und Euch!<\/p>\n\n\n\n<p><\/p>\n","protected":false},"excerpt":{"rendered":"<p>Am 1. Oktober, dem Erntedanktag, wollen wir seit langer Zeit wieder gemeinsam feiern! Wir beginnen um 10 Uhr mit einem Gottesdienst in der Kirche mit unserem Kirchenchor. Im Anschluss an den Gottesdienst verkaufen die Konfis ihre selbstgebackenen Brote (von und mit der B\u00e4ckerei Friedrich), und wir halten in der Kirche eine Gemeindeversammlung ab, um \u00fcber &hellip; <\/p>\n<p class=\"link-more\"><a href=\"http:\/\/wersau-ev.de\/?p=1596\" class=\"more-link\"><span class=\"screen-reader-text\">\u201eWir feiern Gemeindefest!\u201c <\/span>weiterlesen<\/a><\/p>\n","protected":false},"author":1,"featured_media":0,"comment_status":"open","ping_status":"open","sticky":false,"template":"","format":"standard","meta":{"footnotes":""},"categories":[4],"tags":[],"class_list":["post-1596","post","type-post","status-publish","format-standard","hentry","category-aktuelles"],"_links":{"self":[{"href":"http:\/\/wersau-ev.de\/index.php?rest_route=\/wp\/v2\/posts\/1596","targetHints":{"allow":["GET"]}}],"collection":[{"href":"http:\/\/wersau-ev.de\/index.php?rest_route=\/wp\/v2\/posts"}],"about":[{"href":"http:\/\/wersau-ev.de\/index.php?rest_route=\/wp\/v2\/types\/post"}],"author":[{"embeddable":true,"href":"http:\/\/wersau-ev.de\/index.php?rest_route=\/wp\/v2\/users\/1"}],"replies":[{"embeddable":true,"href":"http:\/\/wersau-ev.de\/index.php?rest_route=%2Fwp%2Fv2%2Fcomments&post=1596"}],"version-history":[{"count":1,"href":"http:\/\/wersau-ev.de\/index.php?rest_route=\/wp\/v2\/posts\/1596\/revisions"}],"predecessor-version":[{"id":1597,"href":"http:\/\/wersau-ev.de\/index.php?rest_route=\/wp\/v2\/posts\/1596\/revisions\/1597"}],"wp:attachment":[{"href":"http:\/\/wersau-ev.de\/index.php?rest_route=%2Fwp%2Fv2%2Fmedia&parent=1596"}],"wp:term":[{"taxonomy":"category","embeddable":true,"href":"http:\/\/wersau-ev.de\/index.php?rest_route=%2Fwp%2Fv2%2Fcategories&post=1596"},{"taxonomy":"post_tag","embeddable":true,"href":"http:\/\/wersau-ev.de\/index.php?rest_route=%2Fwp%2Fv2%2Ftags&post=1596"}],"curies":[{"name":"wp","href":"https:\/\/api.w.org\/{rel}","templated":true}]}}