{"id":1598,"date":"2023-09-22T09:21:08","date_gmt":"2023-09-22T07:21:08","guid":{"rendered":"http:\/\/wersau-ev.de\/?p=1598"},"modified":"2023-09-22T09:21:08","modified_gmt":"2023-09-22T07:21:08","slug":"es-gibt-eine-kinderfreizeit-in-den-herbstferien","status":"publish","type":"post","link":"http:\/\/wersau-ev.de\/?p=1598","title":{"rendered":"Es gibt eine Kinderfreizeit in den Herbstferien!"},"content":{"rendered":"\n<p>Das Dekanat bietet eine Kinderfreizeit \u00fcber 5 Tage im Odenwald an. Auf der Herbst-Kinderfreizeit bekommst du f\u00fcnf Tage spannendes Programm geboten. Die Tage gestalten wir gemeinsam mit kreativen Workshops, Spiel und Spa\u00df sowie einem Ausflug mit der gesamten Gruppe. F\u00fcr mehr Infos einfach auf den Link klicken:<\/p>\n\n\n\n<p><a href=\"https:\/\/www.ejvo.de\/angebote\/kinder-herbst-kinderfreizeit2023\">https:\/\/www.ejvo.de\/angebote\/kinder-herbst-kinderfreizeit2023<\/a><\/p>\n","protected":false},"excerpt":{"rendered":"<p>Das Dekanat bietet eine Kinderfreizeit \u00fcber 5 Tage im Odenwald an. Auf der Herbst-Kinderfreizeit bekommst du f\u00fcnf Tage spannendes Programm geboten. Die Tage gestalten wir gemeinsam mit kreativen Workshops, Spiel und Spa\u00df sowie einem Ausflug mit der gesamten Gruppe. F\u00fcr mehr Infos einfach auf den Link klicken: https:\/\/www.ejvo.de\/angebote\/kinder-herbst-kinderfreizeit2023<\/p>\n","protected":false},"author":1,"featured_media":0,"comment_status":"open","ping_status":"open","sticky":false,"template":"","format":"standard","meta":{"footnotes":""},"categories":[4],"tags":[],"class_list":["post-1598","post","type-post","status-publish","format-standard","hentry","category-aktuelles"],"_links":{"self":[{"href":"http:\/\/wersau-ev.de\/index.php?rest_route=\/wp\/v2\/posts\/1598","targetHints":{"allow":["GET"]}}],"collection":[{"href":"http:\/\/wersau-ev.de\/index.php?rest_route=\/wp\/v2\/posts"}],"about":[{"href":"http:\/\/wersau-ev.de\/index.php?rest_route=\/wp\/v2\/types\/post"}],"author":[{"embeddable":true,"href":"http:\/\/wersau-ev.de\/index.php?rest_route=\/wp\/v2\/users\/1"}],"replies":[{"embeddable":true,"href":"http:\/\/wersau-ev.de\/index.php?rest_route=%2Fwp%2Fv2%2Fcomments&post=1598"}],"version-history":[{"count":1,"href":"http:\/\/wersau-ev.de\/index.php?rest_route=\/wp\/v2\/posts\/1598\/revisions"}],"predecessor-version":[{"id":1599,"href":"http:\/\/wersau-ev.de\/index.php?rest_route=\/wp\/v2\/posts\/1598\/revisions\/1599"}],"wp:attachment":[{"href":"http:\/\/wersau-ev.de\/index.php?rest_route=%2Fwp%2Fv2%2Fmedia&parent=1598"}],"wp:term":[{"taxonomy":"category","embeddable":true,"href":"http:\/\/wersau-ev.de\/index.php?rest_route=%2Fwp%2Fv2%2Fcategories&post=1598"},{"taxonomy":"post_tag","embeddable":true,"href":"http:\/\/wersau-ev.de\/index.php?rest_route=%2Fwp%2Fv2%2Ftags&post=1598"}],"curies":[{"name":"wp","href":"https:\/\/api.w.org\/{rel}","templated":true}]}}