{"id":1625,"date":"2023-11-13T17:42:12","date_gmt":"2023-11-13T16:42:12","guid":{"rendered":"http:\/\/wersau-ev.de\/?p=1625"},"modified":"2023-11-13T17:42:12","modified_gmt":"2023-11-13T16:42:12","slug":"herzliche-einladung-am-ewigkeitssonntag","status":"publish","type":"post","link":"http:\/\/wersau-ev.de\/?p=1625","title":{"rendered":"Herzliche Einladung am Ewigkeitssonntag"},"content":{"rendered":"\n<p>Am <strong>26.11.<\/strong> begehen wir wieder den Ewigkeitssonntag bzw. Totensonntag als letzten Sonntag in diesem Kirchenjahr. Im Gottesdienst <strong>um 10h<\/strong> werden alle Verstorbenen des letzten Kirchenjahres verlesen und f\u00fcr sie eine Kerze angez\u00fcndet. Im Anschluss an den Gottesdienst l\u00e4dt der Kirchenvorstand herzlich zum Kaffee nach der Kirche ins Gemeindehaus ein; denn an diesem Tag sollte niemand allein sein m\u00fcssen.<\/p>\n","protected":false},"excerpt":{"rendered":"<p>Am 26.11. begehen wir wieder den Ewigkeitssonntag bzw. Totensonntag als letzten Sonntag in diesem Kirchenjahr. Im Gottesdienst um 10h werden alle Verstorbenen des letzten Kirchenjahres verlesen und f\u00fcr sie eine Kerze angez\u00fcndet. Im Anschluss an den Gottesdienst l\u00e4dt der Kirchenvorstand herzlich zum Kaffee nach der Kirche ins Gemeindehaus ein; denn an diesem Tag sollte niemand &hellip; <\/p>\n<p class=\"link-more\"><a href=\"http:\/\/wersau-ev.de\/?p=1625\" class=\"more-link\"><span class=\"screen-reader-text\">\u201eHerzliche Einladung am Ewigkeitssonntag\u201c <\/span>weiterlesen<\/a><\/p>\n","protected":false},"author":1,"featured_media":0,"comment_status":"open","ping_status":"open","sticky":false,"template":"","format":"standard","meta":{"footnotes":""},"categories":[4],"tags":[],"class_list":["post-1625","post","type-post","status-publish","format-standard","hentry","category-aktuelles"],"_links":{"self":[{"href":"http:\/\/wersau-ev.de\/index.php?rest_route=\/wp\/v2\/posts\/1625","targetHints":{"allow":["GET"]}}],"collection":[{"href":"http:\/\/wersau-ev.de\/index.php?rest_route=\/wp\/v2\/posts"}],"about":[{"href":"http:\/\/wersau-ev.de\/index.php?rest_route=\/wp\/v2\/types\/post"}],"author":[{"embeddable":true,"href":"http:\/\/wersau-ev.de\/index.php?rest_route=\/wp\/v2\/users\/1"}],"replies":[{"embeddable":true,"href":"http:\/\/wersau-ev.de\/index.php?rest_route=%2Fwp%2Fv2%2Fcomments&post=1625"}],"version-history":[{"count":1,"href":"http:\/\/wersau-ev.de\/index.php?rest_route=\/wp\/v2\/posts\/1625\/revisions"}],"predecessor-version":[{"id":1626,"href":"http:\/\/wersau-ev.de\/index.php?rest_route=\/wp\/v2\/posts\/1625\/revisions\/1626"}],"wp:attachment":[{"href":"http:\/\/wersau-ev.de\/index.php?rest_route=%2Fwp%2Fv2%2Fmedia&parent=1625"}],"wp:term":[{"taxonomy":"category","embeddable":true,"href":"http:\/\/wersau-ev.de\/index.php?rest_route=%2Fwp%2Fv2%2Fcategories&post=1625"},{"taxonomy":"post_tag","embeddable":true,"href":"http:\/\/wersau-ev.de\/index.php?rest_route=%2Fwp%2Fv2%2Ftags&post=1625"}],"curies":[{"name":"wp","href":"https:\/\/api.w.org\/{rel}","templated":true}]}}