{"id":1667,"date":"2024-02-20T10:41:14","date_gmt":"2024-02-20T09:41:14","guid":{"rendered":"http:\/\/wersau-ev.de\/?p=1667"},"modified":"2024-02-20T10:41:14","modified_gmt":"2024-02-20T09:41:14","slug":"herzliche-einladung-zum-weltgebetstag","status":"publish","type":"post","link":"http:\/\/wersau-ev.de\/?p=1667","title":{"rendered":"Herzliche Einladung zum Weltgebetstag!"},"content":{"rendered":"\n<p>Unter dem Motto: \u201e\u2026 durch das Band des Friedens\u201c soll dieses Jahr bewusst ein Hoffnungszeichen gegen Gewalt und Hass in der Welt gesetzt werden. Dieses Jahr stammt die Liturgie des Gottesdienstes von Christinnen aus Pal\u00e4stina. Die Gottesdienstordnungen f\u00fcr den Weltgebetstag haben lange Entstehungsgeschichten. In Deutschland war diese mit der Ver\u00f6ffentlichung der Liturgie im September 2023 zun\u00e4chst abgeschlossen. Angesichts der dramatischen Ereignisse in Israel und Pal\u00e4stina seit dem 7. Oktober hat das deutsche WGT-Komitee eine aktualisierte Version der Gottesdienstordnung erarbeitet und im Januar 2024 herausgegeben. Diese dient bundesweit als Grundlage f\u00fcr tausende von \u00f6kumenischen Gottesdiensten zum Weltgebetstag. \u201eAngesichts von Gewalt, Hass und Krieg in Israel und Pal\u00e4stina ist der Weltgebetstag mit seinem diesj\u00e4hrigen biblischen Motto aus dem Brief an die Gemeinde in Ephesus \u00b4\u2026durch das Band des Friedens` so wichtig wie nie zuvor\u201c, betont die evangelische Vorstandsvorsitzende des Weltgebetstagskomitee, Brunhilde Raiser. Auch das Plakat und die Postkarten wurden ge\u00e4ndert, ein Zweig eines Olivenbaums ist jetzt dargestellt. Die biblischen Texte der Gottesdienstordnung, besonders Psalm 85 und Eph 4,1\u20137, k\u00f6nnen in der aktuellen Situation tragen. Mit ihnen kann f\u00fcr Gerechtigkeit, Frieden und die weltweite Einhaltung der Menschenrechte gebetet werden.<\/p>\n\n\n\n<p>Am 1. M\u00e4rz 2024 wollen Christ*innen weltweit mit den Frauen des pal\u00e4stinensischen Komitees beten, dass von allen Seiten das Menschenm\u00f6gliche f\u00fcr die Erreichung eines gerechten Friedens getan wird. So kann der Weltgebetstag 2024 in dieser bedr\u00fcckenden Zeit dazu beitragen, dass &#8211; gehalten durch das Band des Friedens &#8211; Verst\u00e4ndigung, Vers\u00f6hnung und Frieden eine Chance bekommen, in Israel und Pal\u00e4stina, im Nahen Osten und auch bei uns in Deutschland.<\/p>\n\n\n\n<p>Wir laden ein, den Weltgebetstag am <strong>1. M\u00e4rz um 19 Uhr <\/strong>mitzufeiern. Er findet dieses Jahr in der <strong>evangelischen Kirche in Beerfurth<\/strong> statt. Nach dem Gottesdienst gibt es noch Zeit f\u00fcr ausgiebige Gespr\u00e4che bei landestypischen Speisen und Getr\u00e4nken im Gemeindehaus. Wir freuen uns auf Ihr Kommen!<\/p>\n","protected":false},"excerpt":{"rendered":"<p>Unter dem Motto: \u201e\u2026 durch das Band des Friedens\u201c soll dieses Jahr bewusst ein Hoffnungszeichen gegen Gewalt und Hass in der Welt gesetzt werden. Dieses Jahr stammt die Liturgie des Gottesdienstes von Christinnen aus Pal\u00e4stina. Die Gottesdienstordnungen f\u00fcr den Weltgebetstag haben lange Entstehungsgeschichten. In Deutschland war diese mit der Ver\u00f6ffentlichung der Liturgie im September 2023 &hellip; <\/p>\n<p class=\"link-more\"><a href=\"http:\/\/wersau-ev.de\/?p=1667\" class=\"more-link\"><span class=\"screen-reader-text\">\u201eHerzliche Einladung zum Weltgebetstag!\u201c <\/span>weiterlesen<\/a><\/p>\n","protected":false},"author":1,"featured_media":0,"comment_status":"open","ping_status":"open","sticky":false,"template":"","format":"standard","meta":{"footnotes":""},"categories":[4],"tags":[],"class_list":["post-1667","post","type-post","status-publish","format-standard","hentry","category-aktuelles"],"_links":{"self":[{"href":"http:\/\/wersau-ev.de\/index.php?rest_route=\/wp\/v2\/posts\/1667","targetHints":{"allow":["GET"]}}],"collection":[{"href":"http:\/\/wersau-ev.de\/index.php?rest_route=\/wp\/v2\/posts"}],"about":[{"href":"http:\/\/wersau-ev.de\/index.php?rest_route=\/wp\/v2\/types\/post"}],"author":[{"embeddable":true,"href":"http:\/\/wersau-ev.de\/index.php?rest_route=\/wp\/v2\/users\/1"}],"replies":[{"embeddable":true,"href":"http:\/\/wersau-ev.de\/index.php?rest_route=%2Fwp%2Fv2%2Fcomments&post=1667"}],"version-history":[{"count":1,"href":"http:\/\/wersau-ev.de\/index.php?rest_route=\/wp\/v2\/posts\/1667\/revisions"}],"predecessor-version":[{"id":1668,"href":"http:\/\/wersau-ev.de\/index.php?rest_route=\/wp\/v2\/posts\/1667\/revisions\/1668"}],"wp:attachment":[{"href":"http:\/\/wersau-ev.de\/index.php?rest_route=%2Fwp%2Fv2%2Fmedia&parent=1667"}],"wp:term":[{"taxonomy":"category","embeddable":true,"href":"http:\/\/wersau-ev.de\/index.php?rest_route=%2Fwp%2Fv2%2Fcategories&post=1667"},{"taxonomy":"post_tag","embeddable":true,"href":"http:\/\/wersau-ev.de\/index.php?rest_route=%2Fwp%2Fv2%2Ftags&post=1667"}],"curies":[{"name":"wp","href":"https:\/\/api.w.org\/{rel}","templated":true}]}}