{"id":1675,"date":"2024-04-08T09:28:56","date_gmt":"2024-04-08T07:28:56","guid":{"rendered":"http:\/\/wersau-ev.de\/?p=1675"},"modified":"2024-04-08T09:28:56","modified_gmt":"2024-04-08T07:28:56","slug":"herzliche-einladung-zu-zwei-besonderen-gottesdiensten","status":"publish","type":"post","link":"http:\/\/wersau-ev.de\/?p=1675","title":{"rendered":"Herzliche Einladung zu zwei besonderen Gottesdiensten!"},"content":{"rendered":"\n<p>Nach den Ostertagen warten wieder zwei besondere Gottesdienste auf viele Besucherinnen und Besucher. Am Sonntag, dem 14. April um 18 Uhr, werden wir wieder einen meditativen Abendgottesdienst feiern, mit Gitarrenmusik und der M\u00f6glichkeit, in Form von Steinen und Kerzen seine eigenen Gedanken vor Gott zu bringen. Am Sonntag, dem 21. April, wollen wir in Fr\u00e4nkisch-Crumbach einen gemeinsamen Gottesdienst in der Nachbarschaft feiern. Alle Gemeinden im Gersprenztal sind an dem Gottesdienst beteiligt: Beerfurth, Brensbach, Fr\u00e4nkisch-Crumbach, Reichelsheim, Wersau und Winterkasten. Diese Gemeinden werden in naher Zukunft auch eine gro\u00dfe gemeinsame Kirchengemeinde oder Arbeitsgemeinschaft bilden. Dieser Gottesdienst soll eine Art \u201eStartschuss\u201c f\u00fcr die Zusammenarbeit sein. Dazu wird auch unsere neue Gemeindep\u00e4dagogin Ilka Staudt endlich offiziell eingef\u00fchrt, und wir d\u00fcrfen uns auf eine sch\u00f6ne Zusammenarbeit freuen. Viel Musik wird diesen Gottesdienst umrahmen, und im Anschluss laden wir auch herzlich zu kleinen Snacks und zum Bleiben ein.<\/p>\n","protected":false},"excerpt":{"rendered":"<p>Nach den Ostertagen warten wieder zwei besondere Gottesdienste auf viele Besucherinnen und Besucher. Am Sonntag, dem 14. April um 18 Uhr, werden wir wieder einen meditativen Abendgottesdienst feiern, mit Gitarrenmusik und der M\u00f6glichkeit, in Form von Steinen und Kerzen seine eigenen Gedanken vor Gott zu bringen. Am Sonntag, dem 21. April, wollen wir in Fr\u00e4nkisch-Crumbach &hellip; <\/p>\n<p class=\"link-more\"><a href=\"http:\/\/wersau-ev.de\/?p=1675\" class=\"more-link\"><span class=\"screen-reader-text\">\u201eHerzliche Einladung zu zwei besonderen Gottesdiensten!\u201c <\/span>weiterlesen<\/a><\/p>\n","protected":false},"author":1,"featured_media":0,"comment_status":"open","ping_status":"open","sticky":false,"template":"","format":"standard","meta":{"footnotes":""},"categories":[4],"tags":[],"class_list":["post-1675","post","type-post","status-publish","format-standard","hentry","category-aktuelles"],"_links":{"self":[{"href":"http:\/\/wersau-ev.de\/index.php?rest_route=\/wp\/v2\/posts\/1675","targetHints":{"allow":["GET"]}}],"collection":[{"href":"http:\/\/wersau-ev.de\/index.php?rest_route=\/wp\/v2\/posts"}],"about":[{"href":"http:\/\/wersau-ev.de\/index.php?rest_route=\/wp\/v2\/types\/post"}],"author":[{"embeddable":true,"href":"http:\/\/wersau-ev.de\/index.php?rest_route=\/wp\/v2\/users\/1"}],"replies":[{"embeddable":true,"href":"http:\/\/wersau-ev.de\/index.php?rest_route=%2Fwp%2Fv2%2Fcomments&post=1675"}],"version-history":[{"count":1,"href":"http:\/\/wersau-ev.de\/index.php?rest_route=\/wp\/v2\/posts\/1675\/revisions"}],"predecessor-version":[{"id":1676,"href":"http:\/\/wersau-ev.de\/index.php?rest_route=\/wp\/v2\/posts\/1675\/revisions\/1676"}],"wp:attachment":[{"href":"http:\/\/wersau-ev.de\/index.php?rest_route=%2Fwp%2Fv2%2Fmedia&parent=1675"}],"wp:term":[{"taxonomy":"category","embeddable":true,"href":"http:\/\/wersau-ev.de\/index.php?rest_route=%2Fwp%2Fv2%2Fcategories&post=1675"},{"taxonomy":"post_tag","embeddable":true,"href":"http:\/\/wersau-ev.de\/index.php?rest_route=%2Fwp%2Fv2%2Ftags&post=1675"}],"curies":[{"name":"wp","href":"https:\/\/api.w.org\/{rel}","templated":true}]}}