{"id":1685,"date":"2024-04-25T17:32:14","date_gmt":"2024-04-25T15:32:14","guid":{"rendered":"http:\/\/wersau-ev.de\/?p=1685"},"modified":"2024-04-25T17:32:14","modified_gmt":"2024-04-25T15:32:14","slug":"kleidersammlung-fuer-bethel-2","status":"publish","type":"post","link":"http:\/\/wersau-ev.de\/?p=1685","title":{"rendered":"Kleidersammlung f\u00fcr Bethel"},"content":{"rendered":"\n<p>Kleidersammlung f\u00fcr Bethel vom 6. Mai bis 11. Mai 2024<\/p>\n\n\n\n<p>Wir wollen uns auch dieses Jahr wieder an der Kleiderammlung beteiligen. J\u00e4hrlich sammeln \u00fcber 4.500 Kirchengemeinden Altkleider f\u00fcr Bethel. Diese wurden in der Vergangenheit von der Brockensammlung mit Plastiksammels\u00e4cken ausgestattet. Bereits heute nutzen viele Spender gebrauchte Plastikt\u00fcten aus dem eigenen Haushalt. Dies hilft ma\u00dfgeblich, die Neuproduktion und Entsorgung von Plastikm\u00fcll zu reduzieren. Leider gibt es bisher noch keine umweltfreundliche Alternative zu Plastikt\u00fcten. Die Kleidung ist gut gesch\u00fctzt, sie wiegen wenig und die Luft kann beim Transport entweichen. Daher sind Kartons f\u00fcr die Kleidersammlungen leider nicht gut geeignet. Sie d\u00fcrfen dieses Jahr gern eigene Plastikt\u00fcten\/-s\u00e4cke zur Abgabe verwenden!<\/p>\n\n\n\n<p>Denken Sie auch daran, dass heutige Kleidersammlungen keine Lumpensammlungen mehr sind. Es wird nur noch tragbare Kleidung gesammelt. Folgendes kann bei der Sammlung abgegeben werden: Kleidung und W\u00e4sche, Schuhe (paarweise b\u00fcndeln), Handtaschen, Pl\u00fcschtiere, Pelze und Federbetten.<\/p>\n\n\n\n<p>Vom<strong> 6. bis zum 11. Mai<\/strong> k\u00f6nnen Sie wieder Ihre gesammelte Kleidung bei uns im Gemeindehaus abgeben. F\u00fcr Ihre M\u00fche und Unterst\u00fctzung danken wir Ihnen bereits heute ganz herzlich!<\/p>\n","protected":false},"excerpt":{"rendered":"<p>Kleidersammlung f\u00fcr Bethel vom 6. Mai bis 11. Mai 2024 Wir wollen uns auch dieses Jahr wieder an der Kleiderammlung beteiligen. J\u00e4hrlich sammeln \u00fcber 4.500 Kirchengemeinden Altkleider f\u00fcr Bethel. Diese wurden in der Vergangenheit von der Brockensammlung mit Plastiksammels\u00e4cken ausgestattet. Bereits heute nutzen viele Spender gebrauchte Plastikt\u00fcten aus dem eigenen Haushalt. Dies hilft ma\u00dfgeblich, die &hellip; <\/p>\n<p class=\"link-more\"><a href=\"http:\/\/wersau-ev.de\/?p=1685\" class=\"more-link\"><span class=\"screen-reader-text\">\u201eKleidersammlung f\u00fcr Bethel\u201c <\/span>weiterlesen<\/a><\/p>\n","protected":false},"author":1,"featured_media":0,"comment_status":"open","ping_status":"open","sticky":false,"template":"","format":"standard","meta":{"footnotes":""},"categories":[4],"tags":[],"class_list":["post-1685","post","type-post","status-publish","format-standard","hentry","category-aktuelles"],"_links":{"self":[{"href":"http:\/\/wersau-ev.de\/index.php?rest_route=\/wp\/v2\/posts\/1685","targetHints":{"allow":["GET"]}}],"collection":[{"href":"http:\/\/wersau-ev.de\/index.php?rest_route=\/wp\/v2\/posts"}],"about":[{"href":"http:\/\/wersau-ev.de\/index.php?rest_route=\/wp\/v2\/types\/post"}],"author":[{"embeddable":true,"href":"http:\/\/wersau-ev.de\/index.php?rest_route=\/wp\/v2\/users\/1"}],"replies":[{"embeddable":true,"href":"http:\/\/wersau-ev.de\/index.php?rest_route=%2Fwp%2Fv2%2Fcomments&post=1685"}],"version-history":[{"count":1,"href":"http:\/\/wersau-ev.de\/index.php?rest_route=\/wp\/v2\/posts\/1685\/revisions"}],"predecessor-version":[{"id":1686,"href":"http:\/\/wersau-ev.de\/index.php?rest_route=\/wp\/v2\/posts\/1685\/revisions\/1686"}],"wp:attachment":[{"href":"http:\/\/wersau-ev.de\/index.php?rest_route=%2Fwp%2Fv2%2Fmedia&parent=1685"}],"wp:term":[{"taxonomy":"category","embeddable":true,"href":"http:\/\/wersau-ev.de\/index.php?rest_route=%2Fwp%2Fv2%2Fcategories&post=1685"},{"taxonomy":"post_tag","embeddable":true,"href":"http:\/\/wersau-ev.de\/index.php?rest_route=%2Fwp%2Fv2%2Ftags&post=1685"}],"curies":[{"name":"wp","href":"https:\/\/api.w.org\/{rel}","templated":true}]}}