{"id":1693,"date":"2024-07-08T17:41:20","date_gmt":"2024-07-08T15:41:20","guid":{"rendered":"http:\/\/wersau-ev.de\/?p=1693"},"modified":"2024-07-08T17:41:20","modified_gmt":"2024-07-08T15:41:20","slug":"zeit-fuer-die-sommer-predigtreihe","status":"publish","type":"post","link":"http:\/\/wersau-ev.de\/?p=1693","title":{"rendered":"Zeit f\u00fcr die Sommer-Predigtreihe"},"content":{"rendered":"\n<p>Sie ist gestartet! \u00dcber die Sommermonate Juli und August hat unser Nachbarschaftsraum eine Predigtreihe ins Leben gerufen. Sie werden also in Wersau ganz unterschiedliche Menschen auf der Kanzel sehen, mal Pfarrer Thomas Worch aus Fr\u00e4nkisch-Crumbach, mal Pfarrerin Erika H\u00e4ring aus Reichelsheim, mal Pr\u00e4dikant Karl Scholl, mal Pr\u00e4dikantin Marlies Eckert-Ziem, mal Pfarrerin Miriam von Nordheim-Diehl. Die Predigtreihe widmet sich verschiedenen Gef\u00fchlen und Emotionen. Es wird um Hoffnung, Lust und Leidenschaft, Sehnsucht, Neid, Angst und Weiteres gehen. Es sind Gef\u00fchle, die wir alle kennen. Dazu wird in jeder Gemeinde in unserer Nachbarschaft von Wersau bis Winterkasten nur an jedem zweiten Sonntag vor Ort Gottesdienst gehalten \u2013 ansonsten laden die Nachbargemeinden herzlich ein. Wer wann zu welchem Thema predigt, entnehmen Sie am besten der Ank\u00fcndigung in unseren Schauk\u00e4sten.<\/p>\n\n\n\n<figure class=\"wp-block-table\"><table><tbody><tr><td><strong>&nbsp;<\/strong><\/td><td><strong>Beerfurth<\/strong><\/td><td><strong>Brensbach<\/strong><\/td><td><strong>Fr\u00e4nkisch-Crumbach<\/strong><\/td><td><strong>Reichelsheim<\/strong><\/td><td><strong>Wersau<\/strong><\/td><td><strong>Winterkasten<\/strong><\/td><\/tr><tr><td><strong>14. Juli<\/strong><\/td><td><strong>\u2013<\/strong><\/td><td><strong>10 Uhr Gottesdienst mit Taufe, Pfarrer Matthias Kraft<\/strong><\/td><td><strong>18 Uhr<\/strong> <strong>Pr\u00e4dik. Dr. Waltraud Frassin\u00e9<\/strong><\/td><td><strong>10 Uhr<\/strong> <strong>Pfarrerin Charlotte Vo\u00df<\/strong><\/td><td><strong>10 Uhr Pfarrerin Miriam von Nordheim-Diehl<\/strong><\/td><td><strong>10 Uhr Eleonorenklinik<\/strong> <strong>Pfarrer Sebastian Hesselmann<\/strong><\/td><\/tr><tr><td><strong>21. Juli<\/strong><\/td><td><strong>10 Uhr<\/strong> <strong>Pfarrer Matthias Kraft<\/strong><\/td><td><strong>10 Uhr<\/strong> <strong>Pfarrerin Charlotte Vo\u00df<\/strong><\/td><td><strong>\u2013<\/strong><\/td><td><strong>\u2013<\/strong><\/td><td><strong>\u2013<\/strong><\/td><td><strong>11 Uhr Gottesdienst im Pfarrgarten mit Pfarrer Sebastian Hesselmann<\/strong><\/td><\/tr><tr><td><strong>28. Juli<\/strong><\/td><td><strong>\u2013<\/strong><\/td><td><strong>\u2013<\/strong><\/td><td><strong>10 Uhr Lektorin Christine Warmbold<\/strong><\/td><td><strong>10 Uhr Pfarrer Matthias Kraft<\/strong><\/td><td><strong>10 Uhr Pfarrerin Erika H\u00e4ring<\/strong><\/td><td><strong>\u2013<\/strong><\/td><\/tr><tr><td><strong>4. August<\/strong><\/td><td><strong>10 Uhr<\/strong> <strong>Pfarrer Thomas Worch<\/strong><\/td><td><strong>10 Uhr<\/strong> <strong>Pfarrerin Miriam von Nordheim-Diehl<\/strong><\/td><td><strong>\u2013<\/strong><\/td><td><strong>10 Uhr Ober-Ostern&nbsp; Weg\u00adrand\u00adkapelle Pfarrerin Erika H\u00e4ring<\/strong><\/td><td><strong>\u2013<\/strong><\/td><td><strong>10 Uhr<\/strong> <strong>Pr\u00e4dik. Karl Scholl<\/strong><\/td><\/tr><tr><td><strong>11. August<\/strong><\/td><td><strong>\u2013<\/strong><\/td><td><strong>\u2013<\/strong><\/td><td><strong>10 Uhr<\/strong> <strong>Pr\u00e4dik.<a><\/a> Karl Scholl<\/strong><\/td><td><strong>10 Uhr Rohr\u00adbach (im Unter\u00addorf 31) Pr\u00e4dik. Ruth Vetter<\/strong><\/td><td><strong>10 Uhr<\/strong> <strong>Pfarrer Thomas Worch<\/strong><\/td><td><strong>10 Uhr Eleonorenklinik<\/strong> <strong>Pfarrer Sebastian Hesselmann<\/strong><\/td><\/tr><tr><td><strong>18. August<\/strong><\/td><td><strong>10 Uhr Pfarrer Sebastian Hesselmann<\/strong><\/td><td><strong>10 Uhr Pfarrerin Erika H\u00e4ring<\/strong><\/td><td><strong>\u2013<\/strong><\/td><td><strong>10 Uhr Pr\u00e4dik. Marlies Eckert-Ziem<\/strong><\/td><td><strong>\u2013<\/strong><\/td><td><strong>\u2013<\/strong><\/td><\/tr><tr><td><strong>25. August<\/strong><\/td><td><strong>&nbsp;<\/strong><\/td><td><strong>&nbsp;<\/strong><\/td><td><strong>&nbsp;<\/strong><\/td><td><strong>&nbsp;<\/strong><\/td><td><strong>10 Uhr Pr\u00e4d. Karl Scholl<\/strong><\/td><td><strong>&nbsp;<\/strong><\/td><\/tr><\/tbody><\/table><\/figure>\n","protected":false},"excerpt":{"rendered":"<p>Sie ist gestartet! \u00dcber die Sommermonate Juli und August hat unser Nachbarschaftsraum eine Predigtreihe ins Leben gerufen. Sie werden also in Wersau ganz unterschiedliche Menschen auf der Kanzel sehen, mal Pfarrer Thomas Worch aus Fr\u00e4nkisch-Crumbach, mal Pfarrerin Erika H\u00e4ring aus Reichelsheim, mal Pr\u00e4dikant Karl Scholl, mal Pr\u00e4dikantin Marlies Eckert-Ziem, mal Pfarrerin Miriam von Nordheim-Diehl. Die &hellip; <\/p>\n<p class=\"link-more\"><a href=\"http:\/\/wersau-ev.de\/?p=1693\" class=\"more-link\"><span class=\"screen-reader-text\">\u201eZeit f\u00fcr die Sommer-Predigtreihe\u201c <\/span>weiterlesen<\/a><\/p>\n","protected":false},"author":1,"featured_media":0,"comment_status":"open","ping_status":"open","sticky":false,"template":"","format":"standard","meta":{"footnotes":""},"categories":[4],"tags":[],"class_list":["post-1693","post","type-post","status-publish","format-standard","hentry","category-aktuelles"],"_links":{"self":[{"href":"http:\/\/wersau-ev.de\/index.php?rest_route=\/wp\/v2\/posts\/1693","targetHints":{"allow":["GET"]}}],"collection":[{"href":"http:\/\/wersau-ev.de\/index.php?rest_route=\/wp\/v2\/posts"}],"about":[{"href":"http:\/\/wersau-ev.de\/index.php?rest_route=\/wp\/v2\/types\/post"}],"author":[{"embeddable":true,"href":"http:\/\/wersau-ev.de\/index.php?rest_route=\/wp\/v2\/users\/1"}],"replies":[{"embeddable":true,"href":"http:\/\/wersau-ev.de\/index.php?rest_route=%2Fwp%2Fv2%2Fcomments&post=1693"}],"version-history":[{"count":1,"href":"http:\/\/wersau-ev.de\/index.php?rest_route=\/wp\/v2\/posts\/1693\/revisions"}],"predecessor-version":[{"id":1694,"href":"http:\/\/wersau-ev.de\/index.php?rest_route=\/wp\/v2\/posts\/1693\/revisions\/1694"}],"wp:attachment":[{"href":"http:\/\/wersau-ev.de\/index.php?rest_route=%2Fwp%2Fv2%2Fmedia&parent=1693"}],"wp:term":[{"taxonomy":"category","embeddable":true,"href":"http:\/\/wersau-ev.de\/index.php?rest_route=%2Fwp%2Fv2%2Fcategories&post=1693"},{"taxonomy":"post_tag","embeddable":true,"href":"http:\/\/wersau-ev.de\/index.php?rest_route=%2Fwp%2Fv2%2Ftags&post=1693"}],"curies":[{"name":"wp","href":"https:\/\/api.w.org\/{rel}","templated":true}]}}