{"id":1704,"date":"2024-10-01T12:59:23","date_gmt":"2024-10-01T10:59:23","guid":{"rendered":"https:\/\/wersau-ev.de\/?p=1704"},"modified":"2024-10-01T12:59:23","modified_gmt":"2024-10-01T10:59:23","slug":"schoen-wars","status":"publish","type":"post","link":"http:\/\/wersau-ev.de\/?p=1704","title":{"rendered":"Sch\u00f6n war&#8217;s!"},"content":{"rendered":"\n<p>Am letzten Sonntag im September hatten wir unser Erntedankfest gefeiert. Der Altarraum war mit Erntegaben geschm\u00fcckt, dazu duftete es herrlich nach frisch gebackenem Brot. Viele Menschen waren gekommen, darunter waren zahlreiche ehemalige Jungscharkinder, die sich im Gottesdienst noch einmal gemeinsam bei Sonja Maurer f\u00fcr eine sch\u00f6ne Jungscharzeit bedankten. Sonja Maurer hat nach 15 Jahren w\u00f6chentlicher Jungschar nun ihre aktive Zeit in dieser Hinsicht beendet, und wir haben sie im Gottesdienst \u2013 als \u00dcberraschung f\u00fcr sie \u2013 mit einer gro\u00dfen Gruppe verabschiedet. Wir sind ihr alle sehr dankbar f\u00fcr ihre Zeit und ihr Engagement in den letzten 15 Jahren. Nach dem Gottesdienst verkauften die Konfis noch ihre selbst gebackenen Brote, die sie bei der B\u00e4ckerei Friedrich in Brensbach backen durften und somit an der Aktion \u201e5000 Brote \u2013 Konfis backen Brot\u201c teilnahmen. Der Erl\u00f6s ging an Brot f\u00fcr die Welt \u2013 so konnten wir alle das Erntedankfest auch dazu nutzen, Gutes in der Welt zu tun. Nach dem Gottesdienst lud der Kirchenvorstand noch zu einem gem\u00fctlichen Brunch mit herrlichem Buffet ins Gemeindehaus ein. So war der Sonntag ein gelungener Erntedanktag in fr\u00f6hlicher Gemeinschaft \u2013 vielen Dank f\u00fcr alle, die etwas dazu beigetragen haben!<\/p>\n","protected":false},"excerpt":{"rendered":"<p>Am letzten Sonntag im September hatten wir unser Erntedankfest gefeiert. Der Altarraum war mit Erntegaben geschm\u00fcckt, dazu duftete es herrlich nach frisch gebackenem Brot. Viele Menschen waren gekommen, darunter waren zahlreiche ehemalige Jungscharkinder, die sich im Gottesdienst noch einmal gemeinsam bei Sonja Maurer f\u00fcr eine sch\u00f6ne Jungscharzeit bedankten. Sonja Maurer hat nach 15 Jahren w\u00f6chentlicher &hellip; <\/p>\n<p class=\"link-more\"><a href=\"http:\/\/wersau-ev.de\/?p=1704\" class=\"more-link\"><span class=\"screen-reader-text\">\u201eSch\u00f6n war&#8217;s!\u201c <\/span>weiterlesen<\/a><\/p>\n","protected":false},"author":1,"featured_media":0,"comment_status":"open","ping_status":"open","sticky":false,"template":"","format":"standard","meta":{"footnotes":""},"categories":[4],"tags":[],"class_list":["post-1704","post","type-post","status-publish","format-standard","hentry","category-aktuelles"],"_links":{"self":[{"href":"http:\/\/wersau-ev.de\/index.php?rest_route=\/wp\/v2\/posts\/1704","targetHints":{"allow":["GET"]}}],"collection":[{"href":"http:\/\/wersau-ev.de\/index.php?rest_route=\/wp\/v2\/posts"}],"about":[{"href":"http:\/\/wersau-ev.de\/index.php?rest_route=\/wp\/v2\/types\/post"}],"author":[{"embeddable":true,"href":"http:\/\/wersau-ev.de\/index.php?rest_route=\/wp\/v2\/users\/1"}],"replies":[{"embeddable":true,"href":"http:\/\/wersau-ev.de\/index.php?rest_route=%2Fwp%2Fv2%2Fcomments&post=1704"}],"version-history":[{"count":1,"href":"http:\/\/wersau-ev.de\/index.php?rest_route=\/wp\/v2\/posts\/1704\/revisions"}],"predecessor-version":[{"id":1705,"href":"http:\/\/wersau-ev.de\/index.php?rest_route=\/wp\/v2\/posts\/1704\/revisions\/1705"}],"wp:attachment":[{"href":"http:\/\/wersau-ev.de\/index.php?rest_route=%2Fwp%2Fv2%2Fmedia&parent=1704"}],"wp:term":[{"taxonomy":"category","embeddable":true,"href":"http:\/\/wersau-ev.de\/index.php?rest_route=%2Fwp%2Fv2%2Fcategories&post=1704"},{"taxonomy":"post_tag","embeddable":true,"href":"http:\/\/wersau-ev.de\/index.php?rest_route=%2Fwp%2Fv2%2Ftags&post=1704"}],"curies":[{"name":"wp","href":"https:\/\/api.w.org\/{rel}","templated":true}]}}